{"id":818,"date":"2026-04-27T16:44:29","date_gmt":"2026-04-27T14:44:29","guid":{"rendered":"https:\/\/www.bspt.cat\/2026\/04\/27\/la-biblioteca-del-seminari-participa-en-laplec-diocesa\/"},"modified":"2026-04-28T09:09:44","modified_gmt":"2026-04-28T07:09:44","slug":"la-biblioteca-del-seminari-participa-en-laplec-diocesa","status":"publish","type":"post","link":"https:\/\/www.bspt.cat\/es\/2026\/04\/27\/la-biblioteca-del-seminari-participa-en-laplec-diocesa\/","title":{"rendered":"La Biblioteca del Seminario participa en l\u2019Aplec Dioces\u00e0"},"content":{"rendered":"<p>[et_pb_section fb_built=\u00bb1&#8243; _builder_version=\u00bb4.27.4&#8243; _module_preset=\u00bbdefault\u00bb global_colors_info=\u00bb{}\u00bb][et_pb_row _builder_version=\u00bb4.27.4&#8243; _module_preset=\u00bbdefault\u00bb global_colors_info=\u00bb{}\u00bb][et_pb_column type=\u00bb4_4&#8243; _builder_version=\u00bb4.27.4&#8243; _module_preset=\u00bbdefault\u00bb global_colors_info=\u00bb{}\u00bb][et_pb_text _builder_version=\u00bb4.27.6&#8243; _module_preset=\u00bbdefault\u00bb hover_enabled=\u00bb0&#8243; global_colors_info=\u00bb{}\u00bb sticky_enabled=\u00bb0&#8243;]<\/p>\n<p>La Biblioteca del Seminario de Tarragona ha participado en el Aplec Dioces\u00e0, compartiendo y dando a conocer sus joyas bibliogr\u00e1ficas y valiosos legados.<\/p>\n<p>La Iglesia diocesana de Tarragona vivi\u00f3, el s\u00e1bado d\u00eda 25 de abril, una gran jornada vocacional en el marco del Aplec Dioces\u00e0, organizado conjuntamente por la Vicar\u00eda episcopal para la pastoral y las delegaciones y secretariados diocesanos.<\/p>\n<p>El personal de la Biblioteca organiz\u00f3 una visita-exposici\u00f3n a la Sala de Teolog\u00eda, en la que se mostraron obras que habitualmente no son accesibles al p\u00fablico. La actividad cont\u00f3 con la asistencia de una docena de personas amantes de los libros y bibliotecas.<\/p>\n<p>En esta ocasi\u00f3n, nuestros amigos bibli\u00f3filos pudieron contemplar:<\/p>\n<p>Un volumen de la Biblia glosada de Scala Dei, manuscrito elaborado en Francia a finales del siglo XIII, de gran valor hist\u00f3rico y art\u00edstico. Se trata de un documento de primer orden que se prev\u00e9 estudiar de forma interdisciplinaria, lo que requerir\u00e1 su digitalizaci\u00f3n, proyecto en el que ya se est\u00e1 trabajando.<\/p>\n<p>Concretamente, se mostr\u00f3 el volumen VII, que incluye los libros de Job, Proverbis, Sabidur\u00eda y Eclesiast\u00e9s. Se destac\u00f3 la primera miniatura historiada del volumen (f. 02v), ubicada en la inicial capitular \u201cA\u201d que introduce el libro de Job.<\/p>\n<ul>\n<li>Dos incunables: un Psalterio del beato Bruno, impreso en Nuremberg en el taller de Koberger en 1494 (restaurado), y una gram\u00e1tica griega de Urbano Bolzanio impresa por Aldo Manuzio, destacado humanista e impresor veneciano del Renacimiento.<\/li>\n<li>La primera edici\u00f3n impresa de los Libros de los hechos de Jaime I el Conquistador, de 1557, conocida como Chronica, o comentario del glorios\u00edsimo e invict\u00edsimo Rey en Iacmo.<\/li>\n<li>Dos vol\u00famenes de la B\u00edblia Pol\u00edglota Complutense (1514-1517).<\/li>\n<li>Una selecci\u00f3n de ejemplares procedentes de legados modernos conservados en la Biblioteca, como los de la Biblioteca Circulante Antoni Agust\u00ed, el cardenal Vidal y Barraquer, Mn. Muntanyola, Pere Batlle y Serra Vilar\u00f3.<\/li>\n<\/ul>\n<p>Agradecemos la asistencia de los participantes y el apoyo que, de forma desinteresada, nos ofrecen los amigos y voluntarios de la Biblioteca.<\/p>\n<p>Puede consultar la noticia de la Jornada en: <a href=\"https:\/\/www.arquebisbattarragona.cat\/2026\/04\/27\/laplec-diocesa-congrega-450-persones-per-a-celebrar-la-vocacio-cristiana\/\">https:\/\/www.arquebisbattarragona.cat\/2026\/04\/27\/laplec-diocesa-congrega-450-persones-per-a-celebrar-la-vocacio-cristiana\/<\/a><\/p>\n<p>\u200b<\/p>\n<p>[\/et_pb_text][et_pb_gallery gallery_ids=\u00bb792,800,798,804,806,808,810,812,814,796,794&#8243; posts_number=\u00bb10&#8243; admin_label=\u00bbGallery\u00bb _builder_version=\u00bb4.27.6&#8243; _module_preset=\u00bbdefault\u00bb global_colors_info=\u00bb{}\u00bb][\/et_pb_gallery][\/et_pb_column][\/et_pb_row][\/et_pb_section]<\/p>\n","protected":false},"excerpt":{"rendered":"<p>La Biblioteca del Seminario de Tarragona ha participado en el Aplec Dioces\u00e0, compartiendo y dando a conocer sus joyas bibliogr\u00e1ficas y valiosos legados. La Iglesia diocesana de Tarragona vivi\u00f3, el s\u00e1bado d\u00eda 25 de abril, una gran jornada vocacional en el marco del Aplec Dioces\u00e0, organizado conjuntamente por la Vicar\u00eda episcopal para la pastoral y [&hellip;]<\/p>\n","protected":false},"author":2,"featured_media":812,"comment_status":"closed","ping_status":"closed","sticky":false,"template":"","format":"standard","meta":{"_et_pb_use_builder":"on","_et_pb_old_content":"","_et_gb_content_width":"","cybocfi_hide_featured_image":"","footnotes":""},"categories":[24],"tags":[],"class_list":["post-818","post","type-post","status-publish","format-standard","has-post-thumbnail","hentry","category-noticies"],"amp_enabled":true,"_links":{"self":[{"href":"https:\/\/www.bspt.cat\/es\/wp-json\/wp\/v2\/posts\/818","targetHints":{"allow":["GET"]}}],"collection":[{"href":"https:\/\/www.bspt.cat\/es\/wp-json\/wp\/v2\/posts"}],"about":[{"href":"https:\/\/www.bspt.cat\/es\/wp-json\/wp\/v2\/types\/post"}],"author":[{"embeddable":true,"href":"https:\/\/www.bspt.cat\/es\/wp-json\/wp\/v2\/users\/2"}],"replies":[{"embeddable":true,"href":"https:\/\/www.bspt.cat\/es\/wp-json\/wp\/v2\/comments?post=818"}],"version-history":[{"count":3,"href":"https:\/\/www.bspt.cat\/es\/wp-json\/wp\/v2\/posts\/818\/revisions"}],"predecessor-version":[{"id":822,"href":"https:\/\/www.bspt.cat\/es\/wp-json\/wp\/v2\/posts\/818\/revisions\/822"}],"wp:featuredmedia":[{"embeddable":true,"href":"https:\/\/www.bspt.cat\/es\/wp-json\/wp\/v2\/media\/812"}],"wp:attachment":[{"href":"https:\/\/www.bspt.cat\/es\/wp-json\/wp\/v2\/media?parent=818"}],"wp:term":[{"taxonomy":"category","embeddable":true,"href":"https:\/\/www.bspt.cat\/es\/wp-json\/wp\/v2\/categories?post=818"},{"taxonomy":"post_tag","embeddable":true,"href":"https:\/\/www.bspt.cat\/es\/wp-json\/wp\/v2\/tags?post=818"}],"curies":[{"name":"wp","href":"https:\/\/api.w.org\/{rel}","templated":true}]}}